{"data":{"slug":"andrej-cernigoj","name":"Andrej \u010cernigoj","birth_year":null,"image":{"url":"https:\/\/kdo-vodi.si\/media\/143","attribution":"Parlameter","source":"https:\/\/s3.fr-par.scw.cloud\/parlameter\/slovenija\/nsi-andrej-cernigoj.jpg","hosted":true},"offices":[{"person":{"name":"Andrej \u010cernigoj","slug":"andrej-cernigoj"},"office":"\u010clan poslanske skupine","office_code":"parliamentary_group_member","role_detail":"\u010dlan poslanske skupine","organization":{"name":"Poslanska skupina NSi SLS FOKUS","slug":"poslanska-skupina-nsi-sls-fokus"},"since":"2026-07-12","since_precision":"at_least","until":null,"status":"serving","current":true,"sources":[{"authority":"Dr\u017eavni zbor Republike Slovenije","url":"https:\/\/fotogalerija.dz-rs.si\/datoteke\/opendata\/SIF.XML"}]},{"person":{"name":"Andrej \u010cernigoj","slug":"andrej-cernigoj"},"office":"Ob\u010dinski svetnik","office_code":"local_councillor","role_detail":"izvoljen z liste NOVA SLOVENIJA - KR\u0160\u010cANSKI DEMOKRATI","organization":{"name":"Ilirska Bistrica","slug":"ilirska-bistrica"},"since":"2022-11-20","since_precision":"inferred","until":null,"status":"elected","current":true,"sources":[{"authority":"Dr\u017eavna volilna komisija","url":"https:\/\/www.dvk-rs.si\/arhivi\/volitve2022\/lv2022\/data\/prvikrog\/obcine-data\/data_038.json"}]},{"person":{"name":"Andrej \u010cernigoj","slug":"andrej-cernigoj"},"office":"Poslanec","office_code":"mp","role_detail":null,"organization":{"name":"Dr\u017eavni zbor Republike Slovenije","slug":"drzavni-zbor"},"since":"2026-06-09","since_precision":"day","until":"2026-07-14","status":"ended","current":false,"sources":[{"authority":"Danes je nov dan \/ Parlameter","url":"https:\/\/data.parlameter.si\/v3\/person-memberships\/"},{"authority":"Dr\u017eavni zbor Republike Slovenije","url":"https:\/\/fotogalerija.dz-rs.si\/datoteke\/opendata\/SIF.XML"}]},{"person":{"name":"Andrej \u010cernigoj","slug":"andrej-cernigoj"},"office":"Poslanec","office_code":"mp","role_detail":null,"organization":{"name":"Dr\u017eavni zbor Republike Slovenije","slug":"drzavni-zbor"},"since":"2020-03-13","since_precision":"day","until":"2022-05-12","status":"ended","current":false,"sources":[{"authority":"Danes je nov dan \/ Parlameter","url":"https:\/\/data.parlameter.si\/v3\/person-memberships\/"}]}],"url":"https:\/\/kdo-vodi.si\/oseba\/andrej-cernigoj","api_url":"https:\/\/kdo-vodi.si\/api\/v1\/people\/andrej-cernigoj"}}