{"data":{"slug":"dejan-suc","name":"Dejan S\u00fc\u010d","birth_year":null,"image":{"url":"https:\/\/kdo-vodi.si\/media\/375","attribution":"Parlameter","source":"https:\/\/s3.fr-par.scw.cloud\/parlameter\/lendava\/dejan-suc.jpg","hosted":true},"offices":[{"person":{"name":"Dejan S\u00fc\u010d","slug":"dejan-suc"},"office":"\u010clan poslanske skupine","office_code":"parliamentary_group_member","role_detail":"\u010dlan poslanske skupine","organization":{"name":"Poslanska skupina Svoboda","slug":"poslanska-skupina-svoboda"},"since":"2026-07-12","since_precision":"at_least","until":null,"status":"serving","current":true,"sources":[{"authority":"Dr\u017eavni zbor Republike Slovenije","url":"https:\/\/fotogalerija.dz-rs.si\/datoteke\/opendata\/SIF.XML"}]},{"person":{"name":"Dejan S\u00fc\u010d","slug":"dejan-suc"},"office":"Poslanec","office_code":"mp","role_detail":null,"organization":{"name":"Dr\u017eavni zbor Republike Slovenije","slug":"drzavni-zbor"},"since":"2026-04-10","since_precision":"day","until":null,"status":"serving","current":true,"sources":[{"authority":"Dr\u017eavni zbor Republike Slovenije","url":"https:\/\/fotogalerija.dz-rs.si\/datoteke\/opendata\/SIF.XML"},{"authority":"Danes je nov dan \/ Parlameter","url":"https:\/\/data.parlameter.si\/v3\/person-memberships\/"}]},{"person":{"name":"Dejan S\u00fc\u010d","slug":"dejan-suc"},"office":"Ob\u010dinski svetnik","office_code":"local_councillor","role_detail":"izvoljen z liste GIBANJE SVOBODA","organization":{"name":"Lendava","slug":"lendava"},"since":"2022-11-20","since_precision":"inferred","until":null,"status":"elected","current":true,"sources":[{"authority":"Dr\u017eavna volilna komisija","url":"https:\/\/www.dvk-rs.si\/arhivi\/volitve2022\/lv2022\/data\/prvikrog\/obcine-data\/data_059.json"}]},{"person":{"name":"Dejan S\u00fc\u010d","slug":"dejan-suc"},"office":"Vodja svetni\u0161ke skupine","office_code":"council_group_leader","role_detail":"vodja svetni\u0161ke skupine","organization":{"name":"ZMOREMO - Lista Dejana S\u00fc\u010da","slug":"zmoremo-lista-dejana-suca"},"since":"2018-12-14","since_precision":"day","until":null,"status":"serving","current":true,"sources":[{"authority":"Danes je nov dan \/ Parlameter","url":"https:\/\/data.lendava.parlameter.si\/v3\/"}]}],"url":"https:\/\/kdo-vodi.si\/oseba\/dejan-suc","api_url":"https:\/\/kdo-vodi.si\/api\/v1\/people\/dejan-suc"}}