{"data":{"slug":"franc-cebulj","name":"Franc \u010cebulj","birth_year":null,"image":null,"offices":[{"person":{"name":"Franc \u010cebulj","slug":"franc-cebulj"},"office":"Ob\u010dinski svetnik","office_code":"local_councillor","role_detail":"izvoljen z liste LISTA FRANCA \u010cEBULJA ZA RAZVOJ VASI POD KRVAVCEM","organization":{"name":"Cerklje na Gorenjskem","slug":"cerklje-na-gorenjskem"},"since":"2022-11-20","since_precision":"inferred","until":null,"status":"elected","current":true,"sources":[{"authority":"Dr\u017eavna volilna komisija","url":"https:\/\/www.dvk-rs.si\/arhivi\/volitve2022\/lv2022\/data\/prvikrog\/obcine-data\/data_012.json"}]},{"person":{"name":"Franc \u010cebulj","slug":"franc-cebulj"},"office":"\u017dupan","office_code":"mayor","role_detail":null,"organization":{"name":"Cerklje na Gorenjskem","slug":"cerklje-na-gorenjskem"},"since":"2022-11-20","since_precision":"inferred","until":null,"status":"elected","current":true,"sources":[{"authority":"Dr\u017eavna volilna komisija","url":"https:\/\/www.dvk-rs.si\/arhivi\/volitve2022\/lv2022\/data\/ostale_obcine.json"}]},{"person":{"name":"Franc \u010cebulj","slug":"franc-cebulj"},"office":"\u017dupan","office_code":"mayor","role_detail":null,"organization":{"name":"Cerklje na Gorenjskem","slug":"cerklje-na-gorenjskem"},"since":"2018-11-18","since_precision":"day","until":"2022-11-20","status":"ended","current":false,"sources":[{"authority":"Dr\u017eavna volilna komisija","url":"https:\/\/www.dvk-rs.si\/arhivi\/lv2018\/rezultati\/obcina_cerklje_na_gorenjskem.html"}]}],"url":"https:\/\/kdo-vodi.si\/oseba\/franc-cebulj","api_url":"https:\/\/kdo-vodi.si\/api\/v1\/people\/franc-cebulj"}}