{"data":{"slug":"marjana-metlicar","name":"Marjana Metli\u010dar","birth_year":null,"image":{"url":"https:\/\/kdo-vodi.si\/media\/428","attribution":"GOV.SI","source":"https:\/\/www.gov.si\/assets\/upravne-enote\/Sentjur-pri-Celju\/nacelnica__FillWzQ0MCwyOTIsIjRjNGRlN2VhZmMiXQ.jpg","hosted":true},"offices":[{"person":{"name":"Marjana Metli\u010dar","slug":"marjana-metlicar"},"office":"Predstojnik","office_code":"body_head","role_detail":"na\u010delnicaUpravna enota \u0160entjur pri Celju","organization":{"name":"Upravna enota \u0160entjur pri Celju","slug":"upravna-enota-sentjur-pri-celju"},"since":"2026-07-13","since_precision":"at_least","until":null,"status":"serving","current":true,"sources":[{"authority":"Vlada Republike Slovenije (GOV.SI)","url":"https:\/\/www.gov.si\/drzavni-organi\/upravne-enote\/sentjur-pri-celju\/"}]}],"url":"https:\/\/kdo-vodi.si\/oseba\/marjana-metlicar","api_url":"https:\/\/kdo-vodi.si\/api\/v1\/people\/marjana-metlicar"}}