{"data":{"slug":"primoz-bucan","name":"Primo\u017e Bu\u010dan","birth_year":null,"image":{"url":"https:\/\/kdo-vodi.si\/media\/839","attribution":"GOV.SI","source":"https:\/\/www.gov.si\/assets\/upravne-enote\/Kamnik\/nacelnik-Aljaz-Zumer-1__FillWzQ0MCwyOTIsImJhZDA3YzBlZjciXQ.jpg","hosted":true},"offices":[{"person":{"name":"Primo\u017e Bu\u010dan","slug":"primoz-bucan"},"office":"Predstojnik","office_code":"body_head","role_detail":"vr\u0161ilec dol\u017enosti na\u010delnika","organization":{"name":"Upravna enota \u0160kofja Loka","slug":"upravna-enota-skofja-loka"},"since":"2026-08-05","since_precision":"at_least","until":null,"status":"serving","current":true,"sources":[{"authority":"Vlada Republike Slovenije (GOV.SI)","url":"https:\/\/www.gov.si\/drzavni-organi\/upravne-enote\/skofja-loka\/"}]},{"person":{"name":"Primo\u017e Bu\u010dan","slug":"primoz-bucan"},"office":"Predstojnik","office_code":"body_head","role_detail":"na\u010delnikUpravna enota Kamnik","organization":{"name":"Upravna enota Kamnik","slug":"upravna-enota-kamnik"},"since":"2026-07-13","since_precision":"at_least","until":null,"status":"serving","current":true,"sources":[{"authority":"Vlada Republike Slovenije (GOV.SI)","url":"https:\/\/www.gov.si\/drzavni-organi\/upravne-enote\/kamnik\/"}]}],"url":"https:\/\/kdo-vodi.si\/oseba\/primoz-bucan","api_url":"https:\/\/kdo-vodi.si\/api\/v1\/people\/primoz-bucan"}}