{"data":{"slug":"uros-kamensek","name":"Uro\u0161 Kamen\u0161ek","birth_year":null,"image":null,"offices":[{"person":{"name":"Uro\u0161 Kamen\u0161ek","slug":"uros-kamensek"},"office":"\u017dupan","office_code":"mayor","role_detail":null,"organization":{"name":"Puconci","slug":"puconci"},"since":"2022-12-04","since_precision":"inferred","until":null,"status":"elected","current":true,"sources":[{"authority":"Dr\u017eavna volilna komisija","url":"https:\/\/www.dvk-rs.si\/arhivi\/volitve2022\/lv2022\/data\/drugi_krog.json"}]},{"person":{"name":"Uro\u0161 Kamen\u0161ek","slug":"uros-kamensek"},"office":"Ob\u010dinski svetnik","office_code":"local_councillor","role_detail":"izvoljen z liste SLOVENSKA LJUDSKA STRANKA","organization":{"name":"Puconci","slug":"puconci"},"since":"2022-11-20","since_precision":"inferred","until":null,"status":"elected","current":true,"sources":[{"authority":"Dr\u017eavna volilna komisija","url":"https:\/\/www.dvk-rs.si\/arhivi\/volitve2022\/lv2022\/data\/prvikrog\/obcine-data\/data_097.json"}]}],"url":"https:\/\/kdo-vodi.si\/oseba\/uros-kamensek","api_url":"https:\/\/kdo-vodi.si\/api\/v1\/people\/uros-kamensek"}}